{"id":11,"date":"2008-01-21T00:16:04","date_gmt":"2008-01-20T23:16:04","guid":{"rendered":"https:\/\/bitacola.actiu.info\/vibracions\/articles\/11"},"modified":"2008-01-21T00:16:04","modified_gmt":"2008-01-20T23:16:04","slug":"en-marxa-la-jornada-daccio-global-del-26-de-gener","status":"publish","type":"post","link":"https:\/\/bitacola.actiu.info\/vibracions\/articles\/11","title":{"rendered":"En marxa la jornada d&#8217;acci\u00f3 global del 26 de gener"},"content":{"rendered":"<p>Una iniciativa del F\u00f2rum Social Mundial que comptar\u00e0 amb accions a Barcelona, Madrid, Santiago de Compostel\u00b7la, Sevilla, Las Palmas de Gran Can\u00e0ria, Val\u00e8ncia&#8230; La jornada d&#8217;acci\u00f3 global del 26 de gener del 2008 (26E) promoguda pel F\u00f2rum Social Mundial (FSM) est\u00e0 en marxa. A Barcelona, el F\u00f2rum Social Catal\u00e0 (FSCat), que respon a aquest crida a l&#8217;acci\u00f3, es va presentar a finals de desembre. Gal\u00edcia, Sevilla, Madrid, Pa\u00eds Valenci\u00e0 i Las Palmas de Gran Canaria s\u00f3n d\u2019altres llocs on els moviments socials han fet seva aquesta proposta i es disposen a organitzar f\u00f2rums, jornades i accions.<!--more--><img decoding=\"async\" src=\"https:\/\/bitacola.actiu.info\/vibracions\/wp-content\/uploads\/2008\/02\/fscat_capitalistes.jpg\" alt=\"fscat_capitalistes.jpg\" \/><\/p>\n<p>A Barcelona, el FSCat es va donar a con\u00e8ixer p\u00fablicament el passat 28 de desembre amb una acci\u00f3 al centre de la ciutat. Aprofitant el dia dels Sants Innocents, el FSCat va denunciar que el m\u00f3n que \u201cens volen vendre\u201d \u00e9s una inocentada i que \u00e9s necessari apostar per un altre model de globalitzaci\u00f3. L&#8217;acci\u00f3, que va sumar a un centenar de persones, va comen\u00e7ar davant la Borsa de Barcelona i va baixar fins Pl. Catalunya parant-se davant dels principals edificis de multinacionals com el BBVA, Telef\u00f2nica, on es van realitzar performances i es va repartir propaganda de l&#8217;esdeveniment.<\/p>\n<p>El FSCat, amb m\u00e9s de 150 col\u00b7lectius adherits, organitzar\u00e0 del 25 al 27 de gener un f\u00f2rum social a la Universitat de Barcelona amb l&#8217;objectiu de generar debat i teixir xarxes entre un ampli ventall de moviments socials. En concret, es porteran a terme m\u00e9s de cinquanta seminaris, organitzats al voltant de quatre eixos tem\u00e0tics (defensa del territori; contra la globalitzaci\u00f3 capitalista; per una societat democr\u00e0tica; i a favor dels drets socials i econ\u00f2mics), una assemblea de moviments socials i una manifestaci\u00f3.<\/p>\n<p>A diferents llocs de l&#8217;Estat espanyol s&#8217;estan preparant activitats per a aquesta data de mobilitzaci\u00f3. A Madrid, un ampli ventall de col\u00b7lectius est\u00e0 promovent el F\u00f2rum Social Mundial 2008 a Madrid, que es celebrar\u00e0 al CSO Patio de Maravillas, amb l&#8217;organitzaci\u00f3 de tallers, exposicions, concert, assemblea de moviments socials i acci\u00f3 al carrer durant els dies, 25, 26 i 27 de gener. A Gal\u00edcia, diverses organitzacions participants al FSM convoquen a una assemblea de moviments socials i a una fira d&#8217;associacions a Santiago de Compostel\u00b7la el 26E. A Sevilla, entre els dies 23 i 25 de gener, el F\u00f2rum Social Sevilla organitzar\u00e0 un conjunt d&#8217;actes p\u00fablics. A Val\u00e8ncia, el F\u00f2rum Social del Pa\u00eds Valenci\u00e0 convoca a una assemblea de moviments socials el 26E i a Las Palmas de Gran Canaria s&#8217;estan organitzant accions per aquestes mateixes dates.<\/p>\n<p>Font: Esther Vivas (www.diagonalperiodico.net)<\/p>\n","protected":false},"excerpt":{"rendered":"<p>Una iniciativa del F\u00f2rum Social Mundial que comptar\u00e0 amb accions a Barcelona, Madrid, Santiago de Compostel\u00b7la, Sevilla, Las Palmas de Gran Can\u00e0ria, Val\u00e8ncia&#8230; La jornada d&#8217;acci\u00f3 global del 26 de gener del 2008 (26E) promoguda pel F\u00f2rum Social Mundial (FSM) est\u00e0 en marxa. A Barcelona, el F\u00f2rum Social Catal\u00e0 (FSCat), que respon a aquest crida [&hellip;]<\/p>\n","protected":false},"author":5,"featured_media":0,"comment_status":"open","ping_status":"closed","sticky":false,"template":"","format":"standard","meta":{"footnotes":""},"categories":[7],"tags":[],"class_list":["post-11","post","type-post","status-publish","format-standard","hentry","category-premsa"],"_links":{"self":[{"href":"https:\/\/bitacola.actiu.info\/vibracions\/wp-json\/wp\/v2\/posts\/11","targetHints":{"allow":["GET"]}}],"collection":[{"href":"https:\/\/bitacola.actiu.info\/vibracions\/wp-json\/wp\/v2\/posts"}],"about":[{"href":"https:\/\/bitacola.actiu.info\/vibracions\/wp-json\/wp\/v2\/types\/post"}],"author":[{"embeddable":true,"href":"https:\/\/bitacola.actiu.info\/vibracions\/wp-json\/wp\/v2\/users\/5"}],"replies":[{"embeddable":true,"href":"https:\/\/bitacola.actiu.info\/vibracions\/wp-json\/wp\/v2\/comments?post=11"}],"version-history":[{"count":0,"href":"https:\/\/bitacola.actiu.info\/vibracions\/wp-json\/wp\/v2\/posts\/11\/revisions"}],"wp:attachment":[{"href":"https:\/\/bitacola.actiu.info\/vibracions\/wp-json\/wp\/v2\/media?parent=11"}],"wp:term":[{"taxonomy":"category","embeddable":true,"href":"https:\/\/bitacola.actiu.info\/vibracions\/wp-json\/wp\/v2\/categories?post=11"},{"taxonomy":"post_tag","embeddable":true,"href":"https:\/\/bitacola.actiu.info\/vibracions\/wp-json\/wp\/v2\/tags?post=11"}],"curies":[{"name":"wp","href":"https:\/\/api.w.org\/{rel}","templated":true}]}}