{"id":12,"date":"2008-01-21T00:18:05","date_gmt":"2008-01-20T23:18:05","guid":{"rendered":"https:\/\/bitacola.actiu.info\/vibracions\/articles\/12"},"modified":"2008-02-08T00:21:27","modified_gmt":"2008-02-07T23:21:27","slug":"segueix-el-tancament-a-frape-sense-tenir-una-resolucio-al-lock-out","status":"publish","type":"post","link":"https:\/\/bitacola.actiu.info\/vibracions\/articles\/12","title":{"rendered":"Segueix el tancament a Frape sense tenir una resoluci\u00f3 al &#8220;lock-out&#8221;"},"content":{"rendered":"<p>Els treballadors de Frape Behr segueixen les seves mobilitzacions, despr\u00e9s d&#8217;una setmana d&#8217;ocupaci\u00f3 a la f\u00e0brica per part de 50 companys que es van ocupar-la per evitar el tancament for\u00e7\u00f3s de la direcci\u00f3.<\/p>\n<p>El mat\u00ed de dimarts 15 els treballadors de la filial alemanya que no estan tancats a la f\u00e0brica de Zona Franca, es van concentrar a la Pla\u00e7a Sant Jaume per a recordar al Govern del PSC que &#8220;Frape \u00e9s dels treballadors&#8221; segons la Secci\u00f3 Sindical CNT-Frape.<!--more--><a href=\"https:\/\/bitacola.actiu.info\/vibracions\/wp-content\/uploads\/2008\/02\/frape-tancats.jpg\" title=\"frape-tancats.jpg\"><img decoding=\"async\" src=\"https:\/\/bitacola.actiu.info\/vibracions\/wp-content\/uploads\/2008\/02\/frape-tancats.thumbnail.jpg\" alt=\"frape-tancats.jpg\" \/><\/a><\/p>\n<p>Des del dimecres 9, uns cinquanta treballadors estan tancats a la planta que hi ha a Zona Franca (Pol\u00edgon Industrial Zona Franca, carrer D, 33-35 08040 Barcelona). Els treballadors van veure&#8217;s obligats a pr\u00e8ndre aquesta mesura al decretar l&#8217;empresa el &#8220;lock-out&#8221;, el tancament temporal de l&#8217;empresa, quan estaven dins les instalacions. L&#8217;empresa va prohibir l&#8217;acc\u00e9s a les instal\u00b7lacions, &#8220;mesura completament il\u00b7legal que els treballadors van haver de respondre amb una nova ocupaci\u00f3 de la f\u00e0brica per impedir que la direcci\u00f3 actu\u00e9s a fets consumats davant la indecissi\u00f3 de la Generalitat&#8221;, segons Luis D. Andrades, Delegat Sindical de CNT-AIT a Frape Behr.<\/p>\n<p>Per a CNT-AIT, aquesta mesura s&#8217;ha atrevit a dur-la a terme la direcci\u00f3 per les facilitats que li va donant la Generalitat des que present\u00e9s l&#8217;ERO el setembre del 2007, i que la Generalitat ha acavat resolent en un ERO parcial de 92 persones que ni aporta cap soluci\u00f3, ni preten ser-ho. \u00c9s per aix\u00f2 que CNT-AIT ha tornat a fer una crida de solidaritat internacional per a protestar per l&#8217;actuaci\u00f3 del govern catal\u00e0 arreu, i espera que tant l&#8217;Associaci\u00f3 Internacional dels Treballadors com les diferents organitzacions socials i sindicals d&#8217;arreu del m\u00f3n que ja s&#8217;han solidaritzat continuin informant de la situaci\u00f3 que es pateix a Barcelona.<\/p>\n<p>Finalment, CNT-AIT recorda que l&#8217;Assemblea de Treballadors de Frape ha anunciat concentracions peri\u00f2diques a Pla\u00e7a Sant Jaume i que ja han protagonitzat diverses pitades ben sonades al President Montilla, del PSC. Aquesta tarda hi haur\u00e0 una concentraci\u00f3 a les 18h a la seu de la f\u00e0brica per donar suport als treballadors que porten ja 6 dies tancats, per a qu\u00e8 no els falti el calor dels seus.<\/p>\n<p>Federaci\u00f3 Local de Sindicats de Barcelona, CNT-AIT <a href=\"http:\/\/barcelona.cnt.es\/\">barcelona.cnt.es<\/a><\/p>\n","protected":false},"excerpt":{"rendered":"<p>Els treballadors de Frape Behr segueixen les seves mobilitzacions, despr\u00e9s d&#8217;una setmana d&#8217;ocupaci\u00f3 a la f\u00e0brica per part de 50 companys que es van ocupar-la per evitar el tancament for\u00e7\u00f3s de la direcci\u00f3. El mat\u00ed de dimarts 15 els treballadors de la filial alemanya que no estan tancats a la f\u00e0brica de Zona Franca, es [&hellip;]<\/p>\n","protected":false},"author":5,"featured_media":0,"comment_status":"open","ping_status":"closed","sticky":false,"template":"","format":"standard","meta":{"footnotes":""},"categories":[9],"tags":[],"class_list":["post-12","post","type-post","status-publish","format-standard","hentry","category-laboral"],"_links":{"self":[{"href":"https:\/\/bitacola.actiu.info\/vibracions\/wp-json\/wp\/v2\/posts\/12","targetHints":{"allow":["GET"]}}],"collection":[{"href":"https:\/\/bitacola.actiu.info\/vibracions\/wp-json\/wp\/v2\/posts"}],"about":[{"href":"https:\/\/bitacola.actiu.info\/vibracions\/wp-json\/wp\/v2\/types\/post"}],"author":[{"embeddable":true,"href":"https:\/\/bitacola.actiu.info\/vibracions\/wp-json\/wp\/v2\/users\/5"}],"replies":[{"embeddable":true,"href":"https:\/\/bitacola.actiu.info\/vibracions\/wp-json\/wp\/v2\/comments?post=12"}],"version-history":[{"count":0,"href":"https:\/\/bitacola.actiu.info\/vibracions\/wp-json\/wp\/v2\/posts\/12\/revisions"}],"wp:attachment":[{"href":"https:\/\/bitacola.actiu.info\/vibracions\/wp-json\/wp\/v2\/media?parent=12"}],"wp:term":[{"taxonomy":"category","embeddable":true,"href":"https:\/\/bitacola.actiu.info\/vibracions\/wp-json\/wp\/v2\/categories?post=12"},{"taxonomy":"post_tag","embeddable":true,"href":"https:\/\/bitacola.actiu.info\/vibracions\/wp-json\/wp\/v2\/tags?post=12"}],"curies":[{"name":"wp","href":"https:\/\/api.w.org\/{rel}","templated":true}]}}