{"id":15,"date":"2008-01-21T00:21:29","date_gmt":"2008-01-20T23:21:29","guid":{"rendered":"https:\/\/bitacola.actiu.info\/vibracions\/articles\/15"},"modified":"2008-01-21T00:21:29","modified_gmt":"2008-01-20T23:21:29","slug":"mobilitzacions-per-lacomiadament-de-12-persones-a-ib3","status":"publish","type":"post","link":"https:\/\/bitacola.actiu.info\/vibracions\/articles\/15","title":{"rendered":"Mobilitzacions per l&#8217;acomiadament de 12 persones a IB3"},"content":{"rendered":"<p>Una vegada coneguda el 4 de gener la not\u00edcia dels 12 companys acomiadats de la R\u00e0diotelevisi\u00f3 de les Illes Balears, la Secci\u00f3 sindical de CNT-AIT en l&#8217;empresa va convocar una roda de premsa urgent per al dia seg\u00fcent a la seu del sindicat a les 12 del mat\u00ed.<!--more--><img decoding=\"async\" src=\"https:\/\/bitacola.actiu.info\/vibracions\/wp-content\/uploads\/2008\/02\/ib3_anagrama.jpg\" alt=\"ib3_anagrama.jpg\" \/><\/p>\n<p>En la mateixa es va explicar als mitjans de comunicaci\u00f3 la valoraci\u00f3 per part de CNT de l&#8217;ocorregut aix\u00ed com les accions judicials i sindicals que an\u00e0vem a emprendre contra aquest atac a la classe obrera balear, afavorit amb fons p\u00fablics.Aix\u00ed mateix tamb\u00e9 comunic\u00e0rem a la premsa que el sindicat en assemblea extraordin\u00e0ria havia decidit repartir a la tarda d&#8217;aquell mateix dia (5 de desembre) volants informatius pels carrers m\u00e9s c\u00e8ntrics de Palma aprofitant que anaven a estar col\u00b7lapsades de gent a causa de la cavalcada dels reis mags. Per a CNT l&#8217;acomiadament dels 12 treballadors respon a una intencionalitat expressa per part tant de SALOM com del GOVERN DE LES ILLES BALEARS d&#8217;acovardir la plantilla que no es mobilitzi i no reivindiqui millores laborals i socials dins de l&#8217;empresa. Aix\u00ed mateix l&#8217;acomiadament de la nostra delegada sindical en SALOM-IB3 v\u00e0rem comunic\u00e0 que es produeix arran de l&#8217;acci\u00f3 sindical exercida per la delegada durant les dues setmanes anteriors a l&#8217;acomiadament, SENT DONCS AQUEST ACOMIADAMENT UN CLAR EXEMPLE D&#8217;AGRESSI\u00d3 A LA LLIBERTAT SINDICAL DINS D&#8217;UN ENS P\u00daBLIC.<\/p>\n","protected":false},"excerpt":{"rendered":"<p>Una vegada coneguda el 4 de gener la not\u00edcia dels 12 companys acomiadats de la R\u00e0diotelevisi\u00f3 de les Illes Balears, la Secci\u00f3 sindical de CNT-AIT en l&#8217;empresa va convocar una roda de premsa urgent per al dia seg\u00fcent a la seu del sindicat a les 12 del mat\u00ed.<\/p>\n","protected":false},"author":5,"featured_media":0,"comment_status":"open","ping_status":"closed","sticky":false,"template":"","format":"standard","meta":{"footnotes":""},"categories":[9],"tags":[],"class_list":["post-15","post","type-post","status-publish","format-standard","hentry","category-laboral"],"_links":{"self":[{"href":"https:\/\/bitacola.actiu.info\/vibracions\/wp-json\/wp\/v2\/posts\/15","targetHints":{"allow":["GET"]}}],"collection":[{"href":"https:\/\/bitacola.actiu.info\/vibracions\/wp-json\/wp\/v2\/posts"}],"about":[{"href":"https:\/\/bitacola.actiu.info\/vibracions\/wp-json\/wp\/v2\/types\/post"}],"author":[{"embeddable":true,"href":"https:\/\/bitacola.actiu.info\/vibracions\/wp-json\/wp\/v2\/users\/5"}],"replies":[{"embeddable":true,"href":"https:\/\/bitacola.actiu.info\/vibracions\/wp-json\/wp\/v2\/comments?post=15"}],"version-history":[{"count":0,"href":"https:\/\/bitacola.actiu.info\/vibracions\/wp-json\/wp\/v2\/posts\/15\/revisions"}],"wp:attachment":[{"href":"https:\/\/bitacola.actiu.info\/vibracions\/wp-json\/wp\/v2\/media?parent=15"}],"wp:term":[{"taxonomy":"category","embeddable":true,"href":"https:\/\/bitacola.actiu.info\/vibracions\/wp-json\/wp\/v2\/categories?post=15"},{"taxonomy":"post_tag","embeddable":true,"href":"https:\/\/bitacola.actiu.info\/vibracions\/wp-json\/wp\/v2\/tags?post=15"}],"curies":[{"name":"wp","href":"https:\/\/api.w.org\/{rel}","templated":true}]}}