{"id":16,"date":"2008-01-21T00:23:02","date_gmt":"2008-01-20T23:23:02","guid":{"rendered":"https:\/\/bitacola.actiu.info\/vibracions\/articles\/16"},"modified":"2008-01-21T00:23:02","modified_gmt":"2008-01-20T23:23:02","slug":"tinta-y-libertad-nuevo-boletin-anarcosindicalista","status":"publish","type":"post","link":"https:\/\/bitacola.actiu.info\/vibracions\/articles\/16","title":{"rendered":"&#8220;Tinta y libertad&#8221;, nuevo bolet\u00edn anarcosindicalista"},"content":{"rendered":"<p>Acaba de aparecer el primer n\u00famero de Tinta y Libertad, el nuevo bolet\u00edn de la Coordinadora de Artes Gr\u00e1ficas, Comunicaci\u00f3n y Espect\u00e1culos de la Confederaci\u00f3n Nacional del Trabajo y heredero de La tira de papel. Regresa nuestro \u00f3rgano de expresi\u00f3n con una CNT mejor implantada en los centros de trabajo de nuestro sector, con mayor presencia en todo el Estado espa\u00f1ol y con una credibilidad entre trabajadores y trabajadoras conseguida a base de esfuerzo. Factores que nos hacen mirar el futuro con optimismo, para poder desarrollar nuestro modelo de sindicalismo asambleario y sin concesiones.<\/p>\n<p>Lo puedes leer en nuestra web o conseguirlo en tu sindicato m\u00e1s cercano.<\/p>\n<p>Redacci\u00f3n: Sindicato de Artes Gr\u00e1ficas, Comunicaci\u00f3n y Espect\u00e1culos de la Confederaci\u00f3n Nacional del Trabajo de Madrid<br \/>\n<a href=\"http:\/\/www.cnt.es\/graficas\/\">www.cnt.es\/graficas<\/a><\/p>\n","protected":false},"excerpt":{"rendered":"<p>Acaba de aparecer el primer n\u00famero de Tinta y Libertad, el nuevo bolet\u00edn de la Coordinadora de Artes Gr\u00e1ficas, Comunicaci\u00f3n y Espect\u00e1culos de la Confederaci\u00f3n Nacional del Trabajo y heredero de La tira de papel. Regresa nuestro \u00f3rgano de expresi\u00f3n con una CNT mejor implantada en los centros de trabajo de nuestro sector, con mayor [&hellip;]<\/p>\n","protected":false},"author":5,"featured_media":0,"comment_status":"open","ping_status":"closed","sticky":false,"template":"","format":"standard","meta":{"footnotes":""},"categories":[9],"tags":[],"class_list":["post-16","post","type-post","status-publish","format-standard","hentry","category-laboral"],"_links":{"self":[{"href":"https:\/\/bitacola.actiu.info\/vibracions\/wp-json\/wp\/v2\/posts\/16","targetHints":{"allow":["GET"]}}],"collection":[{"href":"https:\/\/bitacola.actiu.info\/vibracions\/wp-json\/wp\/v2\/posts"}],"about":[{"href":"https:\/\/bitacola.actiu.info\/vibracions\/wp-json\/wp\/v2\/types\/post"}],"author":[{"embeddable":true,"href":"https:\/\/bitacola.actiu.info\/vibracions\/wp-json\/wp\/v2\/users\/5"}],"replies":[{"embeddable":true,"href":"https:\/\/bitacola.actiu.info\/vibracions\/wp-json\/wp\/v2\/comments?post=16"}],"version-history":[{"count":0,"href":"https:\/\/bitacola.actiu.info\/vibracions\/wp-json\/wp\/v2\/posts\/16\/revisions"}],"wp:attachment":[{"href":"https:\/\/bitacola.actiu.info\/vibracions\/wp-json\/wp\/v2\/media?parent=16"}],"wp:term":[{"taxonomy":"category","embeddable":true,"href":"https:\/\/bitacola.actiu.info\/vibracions\/wp-json\/wp\/v2\/categories?post=16"},{"taxonomy":"post_tag","embeddable":true,"href":"https:\/\/bitacola.actiu.info\/vibracions\/wp-json\/wp\/v2\/tags?post=16"}],"curies":[{"name":"wp","href":"https:\/\/api.w.org\/{rel}","templated":true}]}}