{"id":23,"date":"2008-01-30T00:32:53","date_gmt":"2008-01-29T23:32:53","guid":{"rendered":"https:\/\/bitacola.actiu.info\/vibracions\/articles\/23"},"modified":"2008-01-30T00:32:53","modified_gmt":"2008-01-29T23:32:53","slug":"%c2%bfque-%c2%bfcachondeandose-de-la-clase-trabajadora","status":"publish","type":"post","link":"https:\/\/bitacola.actiu.info\/vibracions\/articles\/23","title":{"rendered":"\u00bfQu\u00e9? \u00bfCachonde\u00e1ndose de la clase trabajadora?"},"content":{"rendered":"<p>Izquierda Unida presenta a &#8220;Gaspi&#8221; en internet, un mu\u00f1eco animado que hace de alter ego de Gaspar Llamazares<\/p>\n<p>&#8230; \u00bfO probando desesperadamente cualquier cosa para levantar los nefastos resultados que vaticinan las encuestas? Pues, de no haber notables variaciones, Izquierda Unida no conseguir\u00e1 grupo parlamentario propio.<!--more--><a href=\"https:\/\/bitacola.actiu.info\/vibracions\/wp-content\/uploads\/2008\/02\/gaspi.jpg\" title=\"gaspi.jpg\"><img decoding=\"async\" src=\"https:\/\/bitacola.actiu.info\/vibracions\/wp-content\/uploads\/2008\/02\/gaspi.thumbnail.jpg\" alt=\"gaspi.jpg\" \/><\/a><\/p>\n<p>Por ello, la comisi\u00f3n electoral de IU prueba todo tipo de experimentos en la red con el fin de tratar de levantar el vuelo. Primero fue &#8220;El candidato responde&#8221;, en donde Llamazares contestaba en v\u00eddeo a las preguntas que se le hicieran (http:\/\/www.gasparllamazares.es\/candidato.htm), con ausencias destacadas como la del derecho de autodeterminaci\u00f3n.<\/p>\n<p>\u00a1Ah! Preguntadle si es comunista: risas aseguradas.<\/p>\n<p>Y en esta ocasi\u00f3n, en una vuelta de tuerca, nos presentan a Gaspi, el gran h\u00e9roe de la clase trabajadora contra el PPSOE. El mu\u00f1equito que salvar\u00e1 a los curritos de a pie y de paso tambi\u00e9n los magros resultados que se vislumbran en el horizonte.<\/p>\n<p>Este personajillo protagonizar\u00e1 v\u00eddeos de unos 30 segundos (http:\/\/www.gasparllamazares.es\/cosas_importan.htm) bajo el ep\u00edgrafe &#8220;Las cosas que importan&#8221;; ya est\u00e1 disponible el primero sobre la burbuja inmobiliaria.<\/p>\n<p>Tratar de llenar el vaci\u00f3 pol\u00edtico y social de IU con estas ideas no s\u00f3lo es un desprop\u00f3sito sino que roza la burla para con la clase trabajadora. Gaspar y compa\u00f1\u00eda se est\u00e1n riendo en nuestra cara. El juego de palabras del lema de precampa\u00f1a de Izquierda Unida, &#8220;LlamazarES rojo y verde&#8221;, deber\u00eda sustituirse por el que ya circula desde hace tiempo: &#8220;Llama-zares&#8221;.<\/p>\n<p>Ra\u00fal Calvo Trenado<br \/>\n<a href=\"http:\/\/www.kaosenlared.net\/\">www.kaosenlared.net<\/a><\/p>\n","protected":false},"excerpt":{"rendered":"<p>Izquierda Unida presenta a &#8220;Gaspi&#8221; en internet, un mu\u00f1eco animado que hace de alter ego de Gaspar Llamazares &#8230; \u00bfO probando desesperadamente cualquier cosa para levantar los nefastos resultados que vaticinan las encuestas? Pues, de no haber notables variaciones, Izquierda Unida no conseguir\u00e1 grupo parlamentario propio.<\/p>\n","protected":false},"author":5,"featured_media":0,"comment_status":"open","ping_status":"closed","sticky":false,"template":"","format":"standard","meta":{"footnotes":""},"categories":[7],"tags":[],"class_list":["post-23","post","type-post","status-publish","format-standard","hentry","category-premsa"],"_links":{"self":[{"href":"https:\/\/bitacola.actiu.info\/vibracions\/wp-json\/wp\/v2\/posts\/23","targetHints":{"allow":["GET"]}}],"collection":[{"href":"https:\/\/bitacola.actiu.info\/vibracions\/wp-json\/wp\/v2\/posts"}],"about":[{"href":"https:\/\/bitacola.actiu.info\/vibracions\/wp-json\/wp\/v2\/types\/post"}],"author":[{"embeddable":true,"href":"https:\/\/bitacola.actiu.info\/vibracions\/wp-json\/wp\/v2\/users\/5"}],"replies":[{"embeddable":true,"href":"https:\/\/bitacola.actiu.info\/vibracions\/wp-json\/wp\/v2\/comments?post=23"}],"version-history":[{"count":0,"href":"https:\/\/bitacola.actiu.info\/vibracions\/wp-json\/wp\/v2\/posts\/23\/revisions"}],"wp:attachment":[{"href":"https:\/\/bitacola.actiu.info\/vibracions\/wp-json\/wp\/v2\/media?parent=23"}],"wp:term":[{"taxonomy":"category","embeddable":true,"href":"https:\/\/bitacola.actiu.info\/vibracions\/wp-json\/wp\/v2\/categories?post=23"},{"taxonomy":"post_tag","embeddable":true,"href":"https:\/\/bitacola.actiu.info\/vibracions\/wp-json\/wp\/v2\/tags?post=23"}],"curies":[{"name":"wp","href":"https:\/\/api.w.org\/{rel}","templated":true}]}}