{"id":27,"date":"2008-01-30T00:35:58","date_gmt":"2008-01-29T23:35:58","guid":{"rendered":"https:\/\/bitacola.actiu.info\/vibracions\/articles\/27"},"modified":"2008-01-30T00:35:58","modified_gmt":"2008-01-29T23:35:58","slug":"cadiz-cuatro-personas-denunciadas-por-la-policia-de-jerez-de-la-frontera-por-hacer-pintadas-contra-la-alcaldesa-del-psoe","status":"publish","type":"post","link":"https:\/\/bitacola.actiu.info\/vibracions\/articles\/27","title":{"rendered":"(C\u00e1diz): Cuatro personas denunciadas por la polic\u00eda de Jerez de la Frontera por hacer pintadas contra la alcaldesa del PSOE"},"content":{"rendered":"<p>Agentes de la Polic\u00eda Local identificaron y posteriormente denunciaron ante la Inspecci\u00f3n de Guardia de la Comisar\u00eda del Cuerpo Nacional de Polic\u00eda a cuatro personas, vinculadas al sindicato CGT, que fueron sorprendidas realizando &#8216;pintadas atentatorias&#8217; contra la alcaldesa de Jerez de la Frontera, Pilar S\u00e1nchez (PSOE), en plena v\u00eda p\u00fablica, concretamente en el Pol\u00edgono Industrial Bertola. El Ayuntamiento de Jerez (con mayor\u00eda absoluta del PSOE).<!--more--><img decoding=\"async\" src=\"https:\/\/bitacola.actiu.info\/vibracions\/wp-content\/uploads\/2008\/02\/cgt-jerez.jpg\" alt=\"cgt-jerez.jpg\" \/><br \/>\nSeg\u00fan indic\u00f3 el Ayuntamiento jerezano en el comunicado, tras identificar a estas cuatro personas, los agentes de la Polic\u00eda Local se personaron en la comisar\u00eda del Cuerpo Nacional de Polic\u00eda para realizar las diligencias, a las que se adjunt\u00f3 el material con el que se estaban realizando las citadas pintadas, as\u00ed como &#8216;numerosas pegatinas, en las que se achaca a la alcaldesa el problema del paro&#8217;.<\/p>\n<p>Asimismo, el Ayuntamiento vincul\u00f3 varias pintadas similares en pleno centro de la ciudad, concretamente en el entorno de la Catedral, as\u00ed como en el domicilio particular de la alcaldesa y en el recinto monumental del Alc\u00e1zar, calificado como Bien de Inter\u00e9s Cultural &#8216;y por tanto sometido a especiales normas de protecci\u00f3n debido a su valor hist\u00f3rico&#8217;, las cuales, fueron asociada a los cuatro compa\u00f1eros.<\/p>\n<p>La alcaldesa de Jerez y el Gobierno local emprender\u00e1 cuantas acciones legales consideren oportunas para responder a estos actos fruto de la reacci\u00f3n ante la suspensi\u00f3n de la relaci\u00f3n laboral de 17 personas con la Gerencia Municipal de Urbanismo.<\/p>\n<p>El juicio por los siete primeros despidos en la Gerencia Municipal de Urbanismo qued\u00f3 ayer visto para sentencia tras la celebraci\u00f3n de las vistas que se prolong\u00f3 durante toda la ma\u00f1ana en el Juzgado de los Social n\u00famero 2. La defensa de los trabajadores, pidi\u00f3 la &#8220;nulidad&#8221; de todos los despidos y solicit\u00f3 en cada uno de los casos la &#8220;readmisi\u00f3n&#8221; inmediata de los trabajadores afectados al alegar &#8220;indefensi\u00f3n&#8221; por parte de los trabajadores y que los contratos estaban en &#8220;fraude de ley&#8221;.<\/p>\n<p><a href=\"http:\/\/www.redasociativa.org\/gas\/\">www.redasociativa.org\/gas<\/a><\/p>\n","protected":false},"excerpt":{"rendered":"<p>Agentes de la Polic\u00eda Local identificaron y posteriormente denunciaron ante la Inspecci\u00f3n de Guardia de la Comisar\u00eda del Cuerpo Nacional de Polic\u00eda a cuatro personas, vinculadas al sindicato CGT, que fueron sorprendidas realizando &#8216;pintadas atentatorias&#8217; contra la alcaldesa de Jerez de la Frontera, Pilar S\u00e1nchez (PSOE), en plena v\u00eda p\u00fablica, concretamente en el Pol\u00edgono Industrial [&hellip;]<\/p>\n","protected":false},"author":5,"featured_media":0,"comment_status":"open","ping_status":"closed","sticky":false,"template":"","format":"standard","meta":{"footnotes":""},"categories":[7],"tags":[],"class_list":["post-27","post","type-post","status-publish","format-standard","hentry","category-premsa"],"_links":{"self":[{"href":"https:\/\/bitacola.actiu.info\/vibracions\/wp-json\/wp\/v2\/posts\/27","targetHints":{"allow":["GET"]}}],"collection":[{"href":"https:\/\/bitacola.actiu.info\/vibracions\/wp-json\/wp\/v2\/posts"}],"about":[{"href":"https:\/\/bitacola.actiu.info\/vibracions\/wp-json\/wp\/v2\/types\/post"}],"author":[{"embeddable":true,"href":"https:\/\/bitacola.actiu.info\/vibracions\/wp-json\/wp\/v2\/users\/5"}],"replies":[{"embeddable":true,"href":"https:\/\/bitacola.actiu.info\/vibracions\/wp-json\/wp\/v2\/comments?post=27"}],"version-history":[{"count":0,"href":"https:\/\/bitacola.actiu.info\/vibracions\/wp-json\/wp\/v2\/posts\/27\/revisions"}],"wp:attachment":[{"href":"https:\/\/bitacola.actiu.info\/vibracions\/wp-json\/wp\/v2\/media?parent=27"}],"wp:term":[{"taxonomy":"category","embeddable":true,"href":"https:\/\/bitacola.actiu.info\/vibracions\/wp-json\/wp\/v2\/categories?post=27"},{"taxonomy":"post_tag","embeddable":true,"href":"https:\/\/bitacola.actiu.info\/vibracions\/wp-json\/wp\/v2\/tags?post=27"}],"curies":[{"name":"wp","href":"https:\/\/api.w.org\/{rel}","templated":true}]}}