{"id":29,"date":"2008-01-30T00:37:28","date_gmt":"2008-01-29T23:37:28","guid":{"rendered":"https:\/\/bitacola.actiu.info\/vibracions\/articles\/29"},"modified":"2008-01-30T00:37:28","modified_gmt":"2008-01-29T23:37:28","slug":"otro-dia-mas-en-las-puertas-de-mercadona","status":"publish","type":"post","link":"https:\/\/bitacola.actiu.info\/vibracions\/articles\/29","title":{"rendered":"Otro d\u00eda m\u00e1s en las puertas de Mercadona"},"content":{"rendered":"<p>LA LUCHA COMIENZA A DAR SUS FRUTOS: MERCADONA DENIEGA A DANIEL P\u00c9REZ LA PRIMA DE PRODUCTIVIDAD.<br \/>\n<a href=\"https:\/\/bitacola.actiu.info\/vibracions\/wp-content\/uploads\/2008\/02\/mercacosa640.jpg\" title=\"mercacosa640.jpg\"><img decoding=\"async\" src=\"https:\/\/bitacola.actiu.info\/vibracions\/wp-content\/uploads\/2008\/02\/mercacosa640.thumbnail.jpg\" alt=\"mercacosa640.jpg\" \/><\/a><br \/>\nCNT M\u00e1laga contin\u00faa la campa\u00f1a contra Mercadona y Daniel P\u00e9rez, coordinador de este supermercado en Benalm\u00e1dena. Despu\u00e9s de varias concentraciones, nuestro trabajo y la lucha van consiguiendo sus frutos, ya que a Daniel P\u00e9rez se le ha denegado la segunda prima que reciben los empleados como compensaci\u00f3n econ\u00f3mica por su supuesto bien hacer y productividad. La raz\u00f3n la desconocemos, aunque podemos aventurar que el dinero es para pagar a los abogados que defiendan a Daniel P\u00e9rez cuando se siente en el banquillo acusado de acoso tiene que salir de alg\u00fan sitio. Confiamos que esta negaci\u00f3n de la prima sea s\u00f3lo el primer paso que lleve a la destituci\u00f3n de su cargo, como as\u00ed ha sucedido con el coordinador de un Mercadona de la La Carolina (Ja\u00e9n), donde CNT manten\u00eda otro conflicto.<\/p>\n<p>Susana J.L. fue despedida, despu\u00e9s de m\u00e1s de dos a\u00f1os de sufrir situaciones de acoso y de haber interpuesto una demanda contra Daniel P\u00e9rez por este mismo supuesto, a\u00fan estando de baja. Fue acusada por injurias e insultos, cargos que tendr\u00e1n que ser demostrados en el juicio que tendr\u00e1 lugar el 19 de febrero. Ante todo esto, CNT anuncia que las movilizaciones van a continuar. Ni Daniel P\u00e9rez, ni l@s trabajadores que han olvidado la palabra solidaridad quedar\u00e1n impunes, tendr\u00e1n que responder ante un juez de los cargos que le imputan, y l@s que le apoyan tendr\u00e1n que asumir la parte de culpa que les corresponde porque, despedida o no, NO VAMOS A PARAR.<\/p>\n<p>\u00a1\u00a1 DANIEL, ESCUCHA, LA CNT ESTA EN LUCHA\u00a1\u00a1<\/p>\n<p><a href=\"http:\/\/www.cnt.es\/malaga\/\">www.cnt.es\/malaga<\/a><\/p>\n","protected":false},"excerpt":{"rendered":"<p>LA LUCHA COMIENZA A DAR SUS FRUTOS: MERCADONA DENIEGA A DANIEL P\u00c9REZ LA PRIMA DE PRODUCTIVIDAD. CNT M\u00e1laga contin\u00faa la campa\u00f1a contra Mercadona y Daniel P\u00e9rez, coordinador de este supermercado en Benalm\u00e1dena. Despu\u00e9s de varias concentraciones, nuestro trabajo y la lucha van consiguiendo sus frutos, ya que a Daniel P\u00e9rez se le ha denegado la [&hellip;]<\/p>\n","protected":false},"author":5,"featured_media":0,"comment_status":"open","ping_status":"closed","sticky":false,"template":"","format":"standard","meta":{"footnotes":""},"categories":[9],"tags":[],"class_list":["post-29","post","type-post","status-publish","format-standard","hentry","category-laboral"],"_links":{"self":[{"href":"https:\/\/bitacola.actiu.info\/vibracions\/wp-json\/wp\/v2\/posts\/29","targetHints":{"allow":["GET"]}}],"collection":[{"href":"https:\/\/bitacola.actiu.info\/vibracions\/wp-json\/wp\/v2\/posts"}],"about":[{"href":"https:\/\/bitacola.actiu.info\/vibracions\/wp-json\/wp\/v2\/types\/post"}],"author":[{"embeddable":true,"href":"https:\/\/bitacola.actiu.info\/vibracions\/wp-json\/wp\/v2\/users\/5"}],"replies":[{"embeddable":true,"href":"https:\/\/bitacola.actiu.info\/vibracions\/wp-json\/wp\/v2\/comments?post=29"}],"version-history":[{"count":0,"href":"https:\/\/bitacola.actiu.info\/vibracions\/wp-json\/wp\/v2\/posts\/29\/revisions"}],"wp:attachment":[{"href":"https:\/\/bitacola.actiu.info\/vibracions\/wp-json\/wp\/v2\/media?parent=29"}],"wp:term":[{"taxonomy":"category","embeddable":true,"href":"https:\/\/bitacola.actiu.info\/vibracions\/wp-json\/wp\/v2\/categories?post=29"},{"taxonomy":"post_tag","embeddable":true,"href":"https:\/\/bitacola.actiu.info\/vibracions\/wp-json\/wp\/v2\/tags?post=29"}],"curies":[{"name":"wp","href":"https:\/\/api.w.org\/{rel}","templated":true}]}}