{"id":32,"date":"2008-05-09T19:25:14","date_gmt":"2008-05-09T18:25:14","guid":{"rendered":"https:\/\/bitacola.actiu.info\/vibracions\/articles\/32"},"modified":"2024-03-30T10:18:43","modified_gmt":"2024-03-30T09:18:43","slug":"demostracio-audiovisual-de-programari-lliure-a-figueres","status":"publish","type":"post","link":"https:\/\/bitacola.actiu.info\/vibracions\/articles\/32","title":{"rendered":"Demostracio audiovisual de Programari Lliure, a Figueres"},"content":{"rendered":"<table border=\"0\" width=\"100%\" cellpadding=\"6\">\n<tbody>\n<tr>\n<td align=\"center\" valign=\"middle\" bgcolor=\"#111111\"><img decoding=\"async\" src=\"https:\/\/bitacola.actiu.info\/vibracions\/wp-content\/uploads\/2008\/05\/democracytv.gif\" \/><\/td>\n<td align=\"center\" valign=\"middle\" bgcolor=\"#111111\"><img decoding=\"async\" src=\"https:\/\/bitacola.actiu.info\/vibracions\/wp-content\/uploads\/2008\/05\/aiglx_cub-nens128.jpg\" \/><\/td>\n<td align=\"center\" valign=\"middle\" bgcolor=\"#111111\"><img decoding=\"async\" src=\"https:\/\/bitacola.actiu.info\/vibracions\/wp-content\/uploads\/2008\/05\/mans_ottowalter64.jpg\" \/><\/td>\n<\/tr>\n<\/tbody>\n<\/table>\n<p>En el context de les 9enes Jornades Culturals Llibert\u00e0ries, aquest dissabte 10 de maig a les 10 del mat\u00ed tindr\u00e0 lloc a la Biblioteca p\u00fablica de Figueres una xerrada sobre programari lliure, i demostraci\u00f3 audiovisual de les darreres innovacions.<\/p>\n<p>S&#8217;explicar\u00e0 el programari lliure, s&#8217;ensenyaran per a provar programes d&#8217;\u00fas com\u00fa, mentre que es projectar\u00e0 una excel\u00b7lent demostraci\u00f3 dels darrers i espectaculars avan\u00e7os visuals.<\/p>\n<ul>\n<li>Un dels punts clau de la xerrada seran els motius que porten a cercar la llibertat inform\u00e0tica.<\/li>\n<li>Tamb\u00e9 es faran c\u00f2pies en CD i DVD de tota mena de Programari Lliure i en catal\u00e0.<\/li>\n<\/ul>\n<table border=\"0\" width=\"100%\">\n<tbody>\n<tr>\n<td align=\"center\"><div style=\"width: 450px;\" class=\"wp-video\"><video class=\"wp-video-shortcode\" id=\"video-32-1\" width=\"450\" height=\"338\" preload=\"metadata\" controls=\"controls\"><source type=\"video\/webm\" src=\"https:\/\/bitacola.actiu.info\/vibracions\/wp-content\/uploads\/2024\/03\/Compiz-Beryl-2007.webm?_=1\" \/><a href=\"https:\/\/bitacola.actiu.info\/vibracions\/wp-content\/uploads\/2024\/03\/Compiz-Beryl-2007.webm\">https:\/\/bitacola.actiu.info\/vibracions\/wp-content\/uploads\/2024\/03\/Compiz-Beryl-2007.webm<\/a><\/video><\/div><\/p>\n<p><div style=\"width: 450px;\" class=\"wp-video\"><video class=\"wp-video-shortcode\" id=\"video-32-2\" width=\"450\" height=\"360\" preload=\"metadata\" controls=\"controls\"><source type=\"video\/webm\" src=\"https:\/\/bitacola.actiu.info\/vibracions\/wp-content\/uploads\/2024\/03\/Compiz-Beryl-2008.webm?_=2\" \/><a href=\"https:\/\/bitacola.actiu.info\/vibracions\/wp-content\/uploads\/2024\/03\/Compiz-Beryl-2008.webm\">https:\/\/bitacola.actiu.info\/vibracions\/wp-content\/uploads\/2024\/03\/Compiz-Beryl-2008.webm<\/a><\/video><\/div><\/td>\n<\/tr>\n<\/tbody>\n<\/table>\n","protected":false},"excerpt":{"rendered":"<p>En el context de les 9enes Jornades Culturals Llibert\u00e0ries, aquest dissabte 10 de maig a les 10 del mat\u00ed tindr\u00e0 lloc a la Biblioteca p\u00fablica de Figueres una xerrada sobre programari lliure, i demostraci\u00f3 audiovisual de les darreres innovacions. S&#8217;explicar\u00e0 el programari lliure, s&#8217;ensenyaran per a provar programes d&#8217;\u00fas com\u00fa, mentre que es projectar\u00e0 una [&hellip;]<\/p>\n","protected":false},"author":5,"featured_media":0,"comment_status":"open","ping_status":"closed","sticky":false,"template":"","format":"standard","meta":{"footnotes":""},"categories":[11,10],"tags":[],"class_list":["post-32","post","type-post","status-publish","format-standard","hentry","category-agenda","category-informatica"],"_links":{"self":[{"href":"https:\/\/bitacola.actiu.info\/vibracions\/wp-json\/wp\/v2\/posts\/32","targetHints":{"allow":["GET"]}}],"collection":[{"href":"https:\/\/bitacola.actiu.info\/vibracions\/wp-json\/wp\/v2\/posts"}],"about":[{"href":"https:\/\/bitacola.actiu.info\/vibracions\/wp-json\/wp\/v2\/types\/post"}],"author":[{"embeddable":true,"href":"https:\/\/bitacola.actiu.info\/vibracions\/wp-json\/wp\/v2\/users\/5"}],"replies":[{"embeddable":true,"href":"https:\/\/bitacola.actiu.info\/vibracions\/wp-json\/wp\/v2\/comments?post=32"}],"version-history":[{"count":4,"href":"https:\/\/bitacola.actiu.info\/vibracions\/wp-json\/wp\/v2\/posts\/32\/revisions"}],"predecessor-version":[{"id":42,"href":"https:\/\/bitacola.actiu.info\/vibracions\/wp-json\/wp\/v2\/posts\/32\/revisions\/42"}],"wp:attachment":[{"href":"https:\/\/bitacola.actiu.info\/vibracions\/wp-json\/wp\/v2\/media?parent=32"}],"wp:term":[{"taxonomy":"category","embeddable":true,"href":"https:\/\/bitacola.actiu.info\/vibracions\/wp-json\/wp\/v2\/categories?post=32"},{"taxonomy":"post_tag","embeddable":true,"href":"https:\/\/bitacola.actiu.info\/vibracions\/wp-json\/wp\/v2\/tags?post=32"}],"curies":[{"name":"wp","href":"https:\/\/api.w.org\/{rel}","templated":true}]}}