{"id":5,"date":"2008-01-21T00:05:31","date_gmt":"2008-01-20T23:05:31","guid":{"rendered":"https:\/\/bitacola.actiu.info\/vibracions\/articles\/5"},"modified":"2008-02-08T00:08:39","modified_gmt":"2008-02-07T23:08:39","slug":"contra-el-parc-eolic-de-palauborrell-i-sant-feliu-de-la-garriga-de-20-mw","status":"publish","type":"post","link":"https:\/\/bitacola.actiu.info\/vibracions\/articles\/5","title":{"rendered":"Contra el parc e\u00f2lic de Palauborrell i Sant Feliu de la Garriga de 20 MW"},"content":{"rendered":"<p>Aquests dies un col\u00b7lectiu de gent afectada pel parc e\u00f2lic d&#8217;ENDESA al terraprim empordan\u00e8s, exactament la part de muntanya dels termes de Ventall\u00f3 (la Muntanya Gran), Viladamat (Palauborrell i Sant Feliu de la Garriga), Albons i la Tallada (Puig Segalar), rebutja aquest deu molins met\u00e0lics i els vials que destruiran els camins i marges de pedra seca, patrimoni important del paisatge hum\u00e0 de l&#8217;arquitectura rural tradicional de pedra seca, a m\u00e9s, la Muntanya Gran de Ventall\u00f3 i Palauborrell \u00e9s un significatiu jaciment arqueol\u00f2gic indiketa, igualment que el cim del Puig Segalar i el conjunt patrimonial de Sant Feliu de la Garriga, que en el decurs del segle vint va estudiar l&#8217;erudit arque\u00f2leg alemany Adolf Schulten (materials al magatzem del Museu Arqueol\u00f2gic d&#8217;Emp\u00faries). El col\u00b7lectiu esmentat considera que l&#8217;energia alternativa autogestion\u00e0ria dins d&#8217;una bifurcaci\u00f3 de tend\u00e8ncies vers el necessari decreixement no correspon a un parc industrial en un territori cremat fa dos estius, car a l&#8217;impacte ambiental de l&#8217;incendi forestal ara hi trobem una gran instal\u00b7laci\u00f3 industrial, amb torres de molins, castes de manteniment, vials a la muntanya i una nova l\u00ednia el\u00e8ctrica des de les serres del terraprim empordan\u00e8s fins a l&#8217;estaci\u00f3 de Bellcaire, tot plegat la generaci\u00f3 de m\u00e9s energia pel sector immobiliari (noves urbanitzacions elitistes, camps de golf i un creixement insoportable), que ja va viure un revifalla gr\u00e0cies a la l\u00ednia de les Gavarres (des de Castell d&#8217;Aro a Bellcaire i l&#8217;Escala).<!--more--><img decoding=\"async\" src=\"https:\/\/bitacola.actiu.info\/vibracions\/wp-content\/uploads\/2008\/02\/moli_consumer.jpg\" alt=\"moli_consumer.jpg\" \/><\/p>\n<p>El col\u00b7lectiu considera que deu torres a sobre aquesta serralada constitueix un gran impacte ambiental i paisatg\u00edstic en aquesta contrada, puix cal tenir en compte que la fressa dels molins arribar\u00e0 a vint quil\u00f2metres a l&#8217;entorn, a m\u00e9s del perill per les aus rapinyaires d&#8217;aquesta serra, doncs, existeix una connectivitat amb els aiguamolls empordanesos, i la proximitat a diversos nuclis habitats, com ara Palauborrell i les Planes, Garrigoles, Sant Feliu de la Garriga, la Creu d&#8217;Albons, Tor o Mareny\u00e0.<\/p>\n<p>A nivell legal cal tenir en compte que la zona cremada on volen instal\u00b7lar aquest conjunt industrial de 20 MV d&#8217;ENDESA no pot canviar d&#8217;\u00fas i que la Comissi\u00f3 d&#8217;Urbanisme de la demarcaci\u00f3 gironina, en la seva sessi\u00f3 del 27 de juliol de 2006, just abans de l&#8217;incendi forestal, va establir que aquest s\u00f2l no \u00e9s urbanitzable, ja que correspon a la categoria de protecci\u00f3 especial forestal, puix en el POUM de Viladamat es qualifica com a s\u00f2l de connectivitat ecol\u00f2gica i paisag\u00edstica, \u00e9s a dir, s\u00f2l no urbanitzable en la categoria de s\u00f2l de protecci\u00f3 forestal, i on l&#8217;\u00fanic \u00fas adm\u00e8s \u00e9s aquell de tipus forestal, ra\u00f3 per la qual queda prohibida qualsevol transformaci\u00f3 de s\u00f3l que lesioni el valor espec\u00edfic de la vegetaci\u00f3 arb\u00f2ria del territori esmentat.<\/p>\n","protected":false},"excerpt":{"rendered":"<p>Aquests dies un col\u00b7lectiu de gent afectada pel parc e\u00f2lic d&#8217;ENDESA al terraprim empordan\u00e8s, exactament la part de muntanya dels termes de Ventall\u00f3 (la Muntanya Gran), Viladamat (Palauborrell i Sant Feliu de la Garriga), Albons i la Tallada (Puig Segalar), rebutja aquest deu molins met\u00e0lics i els vials que destruiran els camins i marges de [&hellip;]<\/p>\n","protected":false},"author":5,"featured_media":0,"comment_status":"open","ping_status":"closed","sticky":false,"template":"","format":"standard","meta":{"footnotes":""},"categories":[5],"tags":[],"class_list":["post-5","post","type-post","status-publish","format-standard","hentry","category-aportacions"],"_links":{"self":[{"href":"https:\/\/bitacola.actiu.info\/vibracions\/wp-json\/wp\/v2\/posts\/5","targetHints":{"allow":["GET"]}}],"collection":[{"href":"https:\/\/bitacola.actiu.info\/vibracions\/wp-json\/wp\/v2\/posts"}],"about":[{"href":"https:\/\/bitacola.actiu.info\/vibracions\/wp-json\/wp\/v2\/types\/post"}],"author":[{"embeddable":true,"href":"https:\/\/bitacola.actiu.info\/vibracions\/wp-json\/wp\/v2\/users\/5"}],"replies":[{"embeddable":true,"href":"https:\/\/bitacola.actiu.info\/vibracions\/wp-json\/wp\/v2\/comments?post=5"}],"version-history":[{"count":0,"href":"https:\/\/bitacola.actiu.info\/vibracions\/wp-json\/wp\/v2\/posts\/5\/revisions"}],"wp:attachment":[{"href":"https:\/\/bitacola.actiu.info\/vibracions\/wp-json\/wp\/v2\/media?parent=5"}],"wp:term":[{"taxonomy":"category","embeddable":true,"href":"https:\/\/bitacola.actiu.info\/vibracions\/wp-json\/wp\/v2\/categories?post=5"},{"taxonomy":"post_tag","embeddable":true,"href":"https:\/\/bitacola.actiu.info\/vibracions\/wp-json\/wp\/v2\/tags?post=5"}],"curies":[{"name":"wp","href":"https:\/\/api.w.org\/{rel}","templated":true}]}}