{"id":6,"date":"2008-01-21T00:08:41","date_gmt":"2008-01-20T23:08:41","guid":{"rendered":"https:\/\/bitacola.actiu.info\/vibracions\/articles\/6"},"modified":"2008-02-08T00:11:35","modified_gmt":"2008-02-07T23:11:35","slug":"recessio-i-crac-de-les-borses","status":"publish","type":"post","link":"https:\/\/bitacola.actiu.info\/vibracions\/articles\/6","title":{"rendered":"Recessi\u00f3 i crac de les borses"},"content":{"rendered":"<p>La severa recessi\u00f3 nord-americana, a partir de la crisi de les anomenades hipoteques de &#8216;baixa qualitat&#8217;, ja s&#8217;ha est\u00e8s al sector immobiliari comercial, com tamb\u00e9 a nivell dels deutes en les targes de cr\u00e8dit i altres modalitats de deutes. El fet que Estats Units sigui el primer consumidor mundial, en el context de recessi\u00f3 que redueix la demana consumista interior, provoca una severa desacceleraci\u00f3 a nivell internacional, com ara a la Uni\u00f3 Europea, amb una recessi\u00f3 en diversos Estats europeus, especialment el Regne d&#8217;Espanya, car, si als Estats Units l&#8217;habitatge representa el 6% del PIB, a l&#8217;Estat espanyol, el 19%, amb una bombolla immobili\u00e0ria enorme que esclatar\u00e0 en for\u00e7a abans d&#8217;un any, cosa que significa un augment considerable de l&#8217;atur laboral. El Regne d&#8217;Espanya i les rep\u00fabliques de Portugal, It\u00e0lia i Gr\u00e8cia perden molt poder de contesa en el mercat a causa de l&#8217;apreciaci\u00f3 de l&#8217;euro i, fins ara, a l&#8217;Estat capitalista espanyol s&#8217;havia amagat aquesta feblesa econ\u00f2mica en la bombolla immobili\u00e0ria. Una vegada desapareix aquesta bombolla apareix una economia no competitiva i la recessi\u00f3, mentre que demagogs com ara Jos\u00e9 Lu\u00eds Rodr\u00edguez Zapatero proclamen, sense vergonya, que \u201cno \u00e9s patri\u00f2tic criticar l&#8217;economia&#8217; (el 9 de gener) o que \u201cEspanya no \u00e9s immune a les ventades ni els dubtes financers internacionals, per\u00f2 estem millor preparats que altres vegades per fer front a una hipot\u00e8tica crisi\u201d (el 22 de gener, davant el &#8216;dilluns negre&#8217; de les borses). L&#8217;economia brit\u00e0nica tamb\u00e9 entrar\u00e0 en recessi\u00f3, per\u00f2 a difer\u00e8ncia de l&#8217;Estat espanyol, la lliure es depreciar\u00e0 for\u00e7a, cosa que ajudar\u00e0 a aguantar el cop, per\u00f2 el Regne d&#8217;Espanya , al trobar-se lligat a l&#8217;euro, tindr\u00e0 un problema afegit a causa de pert\u00e0nyer a la zona euro, ja que hi ha un d\u00e8ficit fiscal estructural d&#8217;aquesta uni\u00f3 monet\u00e0ria en molts Estats europeus, sense marge per una expansi\u00f3 fiscal. D&#8217;aquesta manera, tot apunta a que el consumisme de la Xina o de la India, que representa la meitat del PIB mundial, no aturar\u00e0 una recessi\u00f3 internacional, ja que no podr\u00e0 reempla\u00e7ar al consumidor nord-americ\u00e0 com a motor econ\u00f2mic capitalista del planeta, doncs la Xina i la India tamb\u00e9 depenen dels Estats Units, potser encara m\u00e9s ara que temps enrera. Per la seva banda, els ministres d&#8217;Economia de la Uni\u00f3 Europea, davant el &#8216;dilluns negre&#8217; dels mercats de les borses, van intentar tranquilitzar els empresaris, per\u00f2 a Davos es va parlar obertament d&#8217;una desacceleraci\u00f3 mundial, amb recessi\u00f3 en alguns Estats de la Uni\u00f3 Europea, a causa de la recessi\u00f3 nord-americana. L&#8217;esgla\u00f3 feble del capitalisme occidental que va \u00e9sser la pen\u00ednsula Ib\u00e8rica en el decurs dels anys Trenta del segle Vint i que en el postfranquisme el PSOE i el PP van intentar reparar, es torna a afeblir de manera accelerada gr\u00e0cies a l&#8217;actual proc\u00e9s de recessi\u00f3 als Estats Units i el ress\u00f2 casol\u00e0 que aquesta provoca, com ara la punxada de la bombolla immobili\u00e0ria, cosa que obliga a bastir novament un front anticapitalista de signe llibertari, a nivell proletari, vers l&#8217;autogesti\u00f3 generalitzada des d&#8217;aquesta pen\u00ednsula amb un impuls revolucionari a la conca de la Mediterr\u00e0nia, especialment la pen\u00ednsula It\u00e0lica, Gr\u00e8cia, el Magrib i Palestina.<\/p>\n<p>font: Editorial Tramunta Vermella Mail n\u00fam. 2171, 25\/01\/2008<\/p>\n","protected":false},"excerpt":{"rendered":"<p>La severa recessi\u00f3 nord-americana, a partir de la crisi de les anomenades hipoteques de &#8216;baixa qualitat&#8217;, ja s&#8217;ha est\u00e8s al sector immobiliari comercial, com tamb\u00e9 a nivell dels deutes en les targes de cr\u00e8dit i altres modalitats de deutes. El fet que Estats Units sigui el primer consumidor mundial, en el context de recessi\u00f3 que [&hellip;]<\/p>\n","protected":false},"author":5,"featured_media":0,"comment_status":"open","ping_status":"closed","sticky":false,"template":"","format":"standard","meta":{"footnotes":""},"categories":[7],"tags":[],"class_list":["post-6","post","type-post","status-publish","format-standard","hentry","category-premsa"],"_links":{"self":[{"href":"https:\/\/bitacola.actiu.info\/vibracions\/wp-json\/wp\/v2\/posts\/6","targetHints":{"allow":["GET"]}}],"collection":[{"href":"https:\/\/bitacola.actiu.info\/vibracions\/wp-json\/wp\/v2\/posts"}],"about":[{"href":"https:\/\/bitacola.actiu.info\/vibracions\/wp-json\/wp\/v2\/types\/post"}],"author":[{"embeddable":true,"href":"https:\/\/bitacola.actiu.info\/vibracions\/wp-json\/wp\/v2\/users\/5"}],"replies":[{"embeddable":true,"href":"https:\/\/bitacola.actiu.info\/vibracions\/wp-json\/wp\/v2\/comments?post=6"}],"version-history":[{"count":0,"href":"https:\/\/bitacola.actiu.info\/vibracions\/wp-json\/wp\/v2\/posts\/6\/revisions"}],"wp:attachment":[{"href":"https:\/\/bitacola.actiu.info\/vibracions\/wp-json\/wp\/v2\/media?parent=6"}],"wp:term":[{"taxonomy":"category","embeddable":true,"href":"https:\/\/bitacola.actiu.info\/vibracions\/wp-json\/wp\/v2\/categories?post=6"},{"taxonomy":"post_tag","embeddable":true,"href":"https:\/\/bitacola.actiu.info\/vibracions\/wp-json\/wp\/v2\/tags?post=6"}],"curies":[{"name":"wp","href":"https:\/\/api.w.org\/{rel}","templated":true}]}}