{"id":7,"date":"2008-01-21T00:11:38","date_gmt":"2008-01-20T23:11:38","guid":{"rendered":"https:\/\/bitacola.actiu.info\/vibracions\/articles\/7"},"modified":"2008-01-21T00:11:38","modified_gmt":"2008-01-20T23:11:38","slug":"analisi-del-metabolisme-energetic-de-leconomia-catalana","status":"publish","type":"post","link":"https:\/\/bitacola.actiu.info\/vibracions\/articles\/7","title":{"rendered":"An\u00e0lisi del Metabolisme Energ\u00e8tic de l&#8217;Economia Catalana"},"content":{"rendered":"<p>La Generalitat fa p\u00fablic &#8220;d&#8217;amagat&#8221; l&#8217;informe sobre la crisi energ\u00e8tica a Catalunya. Si fos per la Generalitat, l&#8217;estudi &#8220;An\u00e0lisi del Metabolisme Energ\u00e8tic de l&#8217;Economia Catalana&#8221; mai seria gaire conegut, tot i que va ser encarregat per un organisme seu: Consell Assessor per al Desenvolupament Sostenible (CADS), aquesta \u00e9s a la conclusi\u00f3 que arribem despr\u00e9s que l&#8217;estudi fos presentat oficialment dimecres, sense que cap responsable pol\u00edtic volgu\u00e9s participar de la presentaci\u00f3 i amb TV3 com a \u00fanic mitj\u00e0 de comunicaci\u00f3 present, el qual no ho ha dif\u00f3s. Tot i haver-se fet aquesta presentaci\u00f3, cap document de l&#8217;estudi ha estat pujat &#8220;oficialment&#8221; a internet, motiu pel qual ha de ser un mitj\u00e0 dels moviments socials, com \u00e9s moviments.cat qui pengi el resum executiu. Ja va ser Oceas, qui en va fer una anterior presentaci\u00f3 &#8220;no oficial&#8221;. L&#8217;estudi, alerta de l&#8217;augment del consum d&#8217;energia prim\u00e0ria a Catalunya, un 60% en 15 anys, amb el conseq\u00fcent augment de l&#8217;impacte ambiental, i remarca que el consum energ\u00e8tic a Catalunya creix a un ritme superior al del PIB. El transport ocupa el segon lloc en consum d&#8217;energia prim\u00e0ria i creix per sobre la mitjana. Catalunya \u00e9s dependent dels pa\u00efsos exportadors en m\u00e9s d&#8217;un 90%. Potser res de nou, la novetat \u00e9s que ho diu, d&#8217;amagat, la pr\u00f2pia Generalitat.<\/p>\n<p>M\u00e9s info: Moviments.cat<\/p>\n","protected":false},"excerpt":{"rendered":"<p>La Generalitat fa p\u00fablic &#8220;d&#8217;amagat&#8221; l&#8217;informe sobre la crisi energ\u00e8tica a Catalunya. Si fos per la Generalitat, l&#8217;estudi &#8220;An\u00e0lisi del Metabolisme Energ\u00e8tic de l&#8217;Economia Catalana&#8221; mai seria gaire conegut, tot i que va ser encarregat per un organisme seu: Consell Assessor per al Desenvolupament Sostenible (CADS), aquesta \u00e9s a la conclusi\u00f3 que arribem despr\u00e9s que [&hellip;]<\/p>\n","protected":false},"author":5,"featured_media":0,"comment_status":"open","ping_status":"closed","sticky":false,"template":"","format":"standard","meta":{"footnotes":""},"categories":[7],"tags":[],"class_list":["post-7","post","type-post","status-publish","format-standard","hentry","category-premsa"],"_links":{"self":[{"href":"https:\/\/bitacola.actiu.info\/vibracions\/wp-json\/wp\/v2\/posts\/7","targetHints":{"allow":["GET"]}}],"collection":[{"href":"https:\/\/bitacola.actiu.info\/vibracions\/wp-json\/wp\/v2\/posts"}],"about":[{"href":"https:\/\/bitacola.actiu.info\/vibracions\/wp-json\/wp\/v2\/types\/post"}],"author":[{"embeddable":true,"href":"https:\/\/bitacola.actiu.info\/vibracions\/wp-json\/wp\/v2\/users\/5"}],"replies":[{"embeddable":true,"href":"https:\/\/bitacola.actiu.info\/vibracions\/wp-json\/wp\/v2\/comments?post=7"}],"version-history":[{"count":0,"href":"https:\/\/bitacola.actiu.info\/vibracions\/wp-json\/wp\/v2\/posts\/7\/revisions"}],"wp:attachment":[{"href":"https:\/\/bitacola.actiu.info\/vibracions\/wp-json\/wp\/v2\/media?parent=7"}],"wp:term":[{"taxonomy":"category","embeddable":true,"href":"https:\/\/bitacola.actiu.info\/vibracions\/wp-json\/wp\/v2\/categories?post=7"},{"taxonomy":"post_tag","embeddable":true,"href":"https:\/\/bitacola.actiu.info\/vibracions\/wp-json\/wp\/v2\/tags?post=7"}],"curies":[{"name":"wp","href":"https:\/\/api.w.org\/{rel}","templated":true}]}}